{"id":920,"date":"2018-06-17T02:00:44","date_gmt":"2018-06-17T00:00:44","guid":{"rendered":"https:\/\/buchmaler.org\/?p=920"},"modified":"2023-04-02T08:44:36","modified_gmt":"2023-04-02T06:44:36","slug":"buecher-ueber-buchmalerei-skriptorium-und-kalligarfie","status":"publish","type":"post","link":"https:\/\/buchmaler.org\/?p=920","title":{"rendered":"B\u00fccher \u00fcber Buchmalerei, Skriptorium und Kalligrafie"},"content":{"rendered":"<p>Hier stellen wir B\u00fccher vor, die sich mit den Themen Buchmalerei, Kalligrafie und Skriptorium im allgemeinen besch\u00e4ftigen. Die Texte zu den B\u00fcchern stammen teilweise aus den Inhaltsangaben der B\u00fccher, und stellen somit ein Zitat dar. Diese sind durch gr\u00f6\u00dfere Kursivschrift als solche kenntlich gemacht. Die Bewertungen spiegelt lediglich unsere pers\u00f6nliche Sicht wieder und werden nur f\u00fcr B\u00fccher abgegeben, die wir auch gelesen haben. F\u00fcr evtl. Irrt\u00fcmer oder Fehler bei den Inhaltsangaben, ISBN Nummern, etc. \u00fcbernehmen wir keine Haftung.<\/p>\n<hr>\n<h2>Illuminierbuch \u2013 Wie man allerlei Farben bereiten, mischen und auftragen soll. Valentin Boltz von Ruffach 1549<\/h2>\n<p><img loading=\"lazy\" decoding=\"async\" class=\"alignleft size-medium wp-image-915\" src=\"https:\/\/buchmaler.org\/wp-content\/uploads\/2018\/06\/Illuminierbuch-Klein-207x300.jpg\" alt=\"\" width=\"207\" height=\"300\" srcset=\"https:\/\/buchmaler.org\/wp-content\/uploads\/2018\/06\/Illuminierbuch-Klein-207x300.jpg 207w, https:\/\/buchmaler.org\/wp-content\/uploads\/2018\/06\/Illuminierbuch-Klein.jpg 300w\" sizes=\"auto, (max-width: 207px) 100vw, 207px\" \/>Valentin Boltz schrieb dieses Buch um den Hobbyilluminatoren eine Anleitung zum malen zu geben. Anscheinend war die Hobby m\u00e4\u00dfige Buchmalerei unter den B\u00fcrgern der Mitte des 16. Jahrhunderts nicht so selten.<br \/>\nIn seinem Werk erkl\u00e4rt Boltz wie man eine Reihe von Farben zubereitet, einen Goldgrund anfertigt, wie man Farben aufhellen oder abdunkelt, Temperaturwasser zubereitet, etc.<\/p>\n<p>Die Buchmaler: Ein absolutes Mus f\u00fcr jeden der sich praktisch und ernsthaft mit der Buchmalerei besch\u00e4ftigen m\u00f6chte.<\/p>\n<p>S\u00e4ndig Reprint Verlag<br \/>\nHans R. Wohlwend<br \/>\nSchaan \/ Liechtenstein<br \/>\nISBN 3500303307<\/p>\n<hr>\n<h2>M\u00f6nche \/ Maler \/ Miniaturen<\/h2>\n<blockquote><p><img loading=\"lazy\" decoding=\"async\" class=\"alignleft size-medium wp-image-917\" src=\"https:\/\/buchmaler.org\/wp-content\/uploads\/2018\/06\/M\u00f6nche-Maler-Miniaturen-klein-210x300.jpg\" alt=\"\" width=\"210\" height=\"300\" srcset=\"https:\/\/buchmaler.org\/wp-content\/uploads\/2018\/06\/M\u00f6nche-Maler-Miniaturen-klein-210x300.jpg 210w, https:\/\/buchmaler.org\/wp-content\/uploads\/2018\/06\/M\u00f6nche-Maler-Miniaturen-klein.jpg 300w\" sizes=\"auto, (max-width: 210px) 100vw, 210px\" \/>Die prachtvolle Welt der Bildhandschriften des Mittelalters faszinieren. Wie sie entstanden, wer sie benutzte und wie man ihre Bildsprache entschl\u00fcsseln kann, zeigt diese Einf\u00fchrung in die Welt der mittelalterlichen B\u00fccher. Im lebhaften Erz\u00e4hlstiel pr\u00e4sentiert die Autorin irische Envangeliare und franz\u00f6sische Stundenb\u00fccher, phantastische Tierb\u00fccher und gelehrte Kr\u00e4uterb\u00fccher. Wir blicken malenden M\u00f6nchen und Berufsschreiberinnen \u00fcber die Schulter, erhalten Einblicke in Kettenbibliotheken und erfahren n\u00e4heres \u00fcber Beutelb\u00fccher und mittelalterliche Tintenrezepte.<\/p><\/blockquote>\n<p>Die Buchmaler: Ein sehr tolles Buch, das zu lesen uns sehr viel Spa\u00df gemacht hat. Unbedingt empfehlenswert.<\/p>\n<p>M\u00f6nche \/ Maler \/ Miniaturen, Die Welt der mittelalterlichen B\u00fccher<br \/>\nStephanie Hauschild<br \/>\nJan Thorbecke Verlag, Ostfildern<br \/>\nISBN 3-7995-0148-7<\/p>\n<hr>\n<h2>Die Kunst der K\u00fcnste \u2013 Erinnerungen an die Malerei<\/h2>\n<blockquote><p><img loading=\"lazy\" decoding=\"async\" class=\"alignleft size-medium wp-image-912\" src=\"https:\/\/buchmaler.org\/wp-content\/uploads\/2018\/06\/Die-Kunst-der-Kuenste-klein-194x300.jpg\" alt=\"\" width=\"194\" height=\"300\" srcset=\"https:\/\/buchmaler.org\/wp-content\/uploads\/2018\/06\/Die-Kunst-der-Kuenste-klein-194x300.jpg 194w, https:\/\/buchmaler.org\/wp-content\/uploads\/2018\/06\/Die-Kunst-der-Kuenste-klein.jpg 300w\" sizes=\"auto, (max-width: 194px) 100vw, 194px\" \/>In ihrem Essay f\u00fchrt uns Anita Albus zur\u00fcck in eine Zeit, als die Malerei noch als die Kunst der K\u00fcnste galt. Anhand der Malerei Jan von Eycks zeigt sie, wie es den Malern des 15. und 16. Jahrhunderts gelang, die Betrachter in ihre Bilder hineinzunehmen, ihnen die Welt zu zeigen \u2013 und was es damals \u00fcber sie zu wissen gab. Nie wieder in der Geschichte der Kunst vereinte die Malerei Zeit und Raum, Form und F\u00fclle auf so vollendete Art. Eine gro\u00dfe Rolle spielten dabei auch die verwendeten Farben, die in den heutigen synthetischen Farben zwar an Vielfalt unterlegen, aber an Ausdruckskraft weit \u00fcberlegen sind. Absolute Reinheit beschr\u00e4nkt den K\u00fcnstler und l\u00e4sst die Kunst ersterben.<br \/>\nDie Autorin veranschaulicht diese Aussage, indem sie die ungeahnte Vieldeutigkeit und Aussagekraft von alten Landschaftsbildern und Stillleben bewusst macht. In der Darstellung des Raumes und der Zeit n\u00e4herten sich die K\u00fcnstler der Natur mittels Farbe so weit wie m\u00f6glich an, wiesen aber zugleich durch die allegorische Bedeutung des Gemalten weit \u00fcber sie hinaus. In einer R\u00fcckbesinnung auf alte Materialien, der R\u00fcckkehr zum Naturnahen k\u00f6nnte auch die heutige Malkunst einen Neubeginn finden.<\/p><\/blockquote>\n<p>Die Buchmaler: Ein sehr informatives Buch mit einem tollen Fazit. Streckenweise nicht ganz einfach zu lesen, aber empfehlenswert.<\/p>\n<p>Die Kunst der K\u00fcnste, Erinnerungen an die Malerei<br \/>\nAnita Albus<br \/>\nDiana Verlag<br \/>\nISBN 3-453-15036-8<\/p>\n<hr>\n<h2>Die Technik der Miniaturmalerei nach einer franz\u00f6sischen Quellenschrift des 17. Jahrhunderts<\/h2>\n<p><img loading=\"lazy\" decoding=\"async\" class=\"alignleft size-medium wp-image-913\" src=\"https:\/\/buchmaler.org\/wp-content\/uploads\/2018\/06\/Die-Technik-der-Miniaturmalerei-klein-208x300.jpg\" alt=\"\" width=\"208\" height=\"300\" srcset=\"https:\/\/buchmaler.org\/wp-content\/uploads\/2018\/06\/Die-Technik-der-Miniaturmalerei-klein-208x300.jpg 208w, https:\/\/buchmaler.org\/wp-content\/uploads\/2018\/06\/Die-Technik-der-Miniaturmalerei-klein.jpg 300w\" sizes=\"auto, (max-width: 208px) 100vw, 208px\" \/>In dieser Diplomarbeit besch\u00e4ftigt sich die Verfasserin mit einer Handschrift aus dem 17. Jahrhundert (Traite de Mignature de C.B. Paris 1672), in der ein Buchmaler sich an seinen Mitb\u00fcrgern wendet, die sich zum Zeitvertreib mit der Buchmalerei besch\u00e4ftigen. Ebenso wie Valentin Boltz erkl\u00e4rt er darin wie verschiedene Farben zu mischen sind, eine Farbe im richtigen Verh\u00e4ltnis mit Temperaturwasser vermischt ist, etc.<\/p>\n<p>Die Buchmaler: Ein sehr interessantes Buch, das sich sehr sch\u00f6n mit dem B\u00fcchlein von Boltz erg\u00e4nzt. Wobei es nicht ganz so viele Informationen beinhaltet wie das Werk von Boltz, daf\u00fcr aber andere. Empfehlenswert.<\/p>\n<p>Die Technik der Miniaturmalerei nach einer franz\u00f6sischen Quellenschrift des 17. Jahrhunderts<br \/>\nDiplomarbeit von Gaby Schmalhofer<br \/>\nHerausgegeben vom Institut f\u00fcr Museumskunde an der Staatlichen Akademie der Bildenden K\u00fcnste Stuttgart.<\/p>\n<hr>\n<h2>Goldenes Mittelalter \u2013 Geschichte der Buchmalerei<\/h2>\n<blockquote><p><img loading=\"lazy\" decoding=\"async\" class=\"alignleft size-medium wp-image-914\" src=\"https:\/\/buchmaler.org\/wp-content\/uploads\/2018\/06\/Goldenes-Mittelalter-klein-234x300.jpg\" alt=\"\" width=\"234\" height=\"300\" srcset=\"https:\/\/buchmaler.org\/wp-content\/uploads\/2018\/06\/Goldenes-Mittelalter-klein-234x300.jpg 234w, https:\/\/buchmaler.org\/wp-content\/uploads\/2018\/06\/Goldenes-Mittelalter-klein.jpg 300w\" sizes=\"auto, (max-width: 234px) 100vw, 234px\" \/>Die Buchmalerei geh\u00f6rt zu den kostbarsten Zeugnissen des Mittelalters. Farbige Miniaturen und goldgl\u00e4nzende Initialen verk\u00f6rpern den Glanz des Mittelalters und schlagen uns bis heute in ihren Bann. Dieses Buch stellt erstmals die mittelalterliche Buchkunst im Kontext vor. Spannende Einsichten in die mittelalterliche Buchproduktion werden vermittelt und die Arbeitsweisen von Malern und Kalligrafen beschrieben. Aus die Interessen von Auftragsgebern und Sammlern spielen eine wichtige Rolle. In den Verbindungen von Buchgattungen und Miniaturkunst werden die Entwicklung und Funktionen und die Funktionen der Buchmalerei von der Sp\u00e4tantike bis zur Barockzeit geschildert. So bietet Anja Grebe eine fundierte Einf\u00fchrung und einen umfassenden \u00dcberblick in die faszinierende Welt der mittelalterlichen Buchmalerei und die historischen und k\u00fcnstlerischen Zusammenh\u00e4nge, in denen diese Malerei entstanden ist.<\/p><\/blockquote>\n<p>Die Buchmaler: Ein sehr sch\u00f6nes Buch, das bei lesen Freude macht. Sehr empfehlenswert.<\/p>\n<p>Goldenes Mittelalter, Geschichte der Buchmalerei<br \/>\nAnja Grebe<br \/>\nJan Thorbecke Verlag<br \/>\nISBN 978-3-7995-0184-2<\/p>\n<hr>\n<h2>Biblotheca Apostolica Vaticana<\/h2>\n<p><img loading=\"lazy\" decoding=\"async\" class=\"alignleft size-medium wp-image-916\" src=\"https:\/\/buchmaler.org\/wp-content\/uploads\/2018\/06\/Moenche-klein-300x249.jpg\" alt=\"\" width=\"300\" height=\"249\">Ein Ausstellungskatalog der ein paar ausgesucht sch\u00f6ne Bilder zeigt.<\/p>\n<p>Die Buchmaler: Wie gesagt findet man in dem Katalog einige wirklich sch\u00f6ne St\u00fccke. Aber wirklich empfehlen m\u00f6chten wir den Kauf nicht. Es sei denn man hat eine ausgepr\u00e4gte Vorliebe f\u00fcr christliche Motive. Ober man bekommt ihn als Schn\u00e4ppchen, was bei mir der Fall war.<\/p>\n<p>Ausstellungskatalog<br \/>\nBiblotheca Apostolica Vaticana \u2013 Liturgie und Andacht im Mittelalter<br \/>\nErzbisch\u00f6fliches Di\u00f6zesanmuseum K\u00f6ln<br \/>\nJoachim M. Plotzek<br \/>\nKatharina Winnekes<br \/>\nStefan Kraus<br \/>\nBelser Verlag Stuttgart<br \/>\nISBN 3-7630-5784-6<\/p>\n<hr>\n<h2>Mit Pinsel und Federkiel<\/h2>\n<blockquote><p><img loading=\"lazy\" decoding=\"async\" class=\"alignleft size-medium wp-image-939\" src=\"https:\/\/buchmaler.org\/wp-content\/uploads\/2018\/06\/Mit-Pinsel-und-Federkiel-klein-223x300.jpg\" alt=\"\" width=\"223\" height=\"300\" srcset=\"https:\/\/buchmaler.org\/wp-content\/uploads\/2018\/06\/Mit-Pinsel-und-Federkiel-klein-223x300.jpg 223w, https:\/\/buchmaler.org\/wp-content\/uploads\/2018\/06\/Mit-Pinsel-und-Federkiel-klein.jpg 300w\" sizes=\"auto, (max-width: 223px) 100vw, 223px\" \/>Der herrlich illustrierte Band f\u00fchrt in die faszinierende Welt der mittelalterlichen Buchmalerei ein. In keiner anderen Epoche hat die Einheit aus Bild und Schrift eine so gro\u00dfe Rolle gespielt wie im europ\u00e4ischen Mittelalter \u2013 umgekehrt spiegelt sich das Mittelalter in kaum einer Kunstgattung so deutlich wie in der Buchmalerei.<br \/>\nNach einer kurzen Darstellung der kulturellen und technischen Voraussetzungen bieten die Autoren ein Geschichte der Buchmalerei im Mittelalter. Sie stellen herausragende Beispiele der Buchillustration vor, beschreiben die wichtigsten Buchtypen wie Bibel und Stundenbuch und erkl\u00e4ren die Herstellung der Handschriften.<\/p><\/blockquote>\n<p>Die Buchmaler: Ein sch\u00f6nes Buch das sich gut lesen l\u00e4sst. Sich aber von anderen Werken die sich mit der Buchmalerei im allgemeinen besch\u00e4ftigen, nicht abhebt.<\/p>\n<p>Mit Pinsel und Federkiel &#8211; Geschichte der mittelalterlichen Buchmalerei<br \/>\nMargit Krenn, Christoph Winterer<br \/>\nPrimus Verlag<br \/>\nISBN 978-3-89678-648-7<\/p>\n","protected":false},"excerpt":{"rendered":"<p>Hier stellen wir B\u00fccher vor, die sich mit den Themen Buchmalerei, Kalligrafie und Skriptorium im allgemeinen besch\u00e4ftigen. Die Texte zu den B\u00fcchern stammen teilweise aus den Inhaltsangaben der B\u00fccher, und stellen somit ein Zitat dar. Diese sind durch gr\u00f6\u00dfere Kursivschrift als solche kenntlich gemacht. Die Bewertungen spiegelt lediglich unsere pers\u00f6nliche Sicht wieder und werden nur &hellip; <\/p>\n<p class=\"link-more\"><a href=\"https:\/\/buchmaler.org\/?p=920\" class=\"more-link\"><span class=\"screen-reader-text\">\u201eB\u00fccher \u00fcber Buchmalerei, Skriptorium und Kalligrafie\u201c <\/span>weiterlesen<\/a><\/p>\n","protected":false},"author":1,"featured_media":0,"comment_status":"closed","ping_status":"closed","sticky":false,"template":"","format":"standard","meta":{"ngg_post_thumbnail":0,"footnotes":""},"categories":[98],"tags":[],"class_list":["post-920","post","type-post","status-publish","format-standard","hentry","category-literatur"],"_links":{"self":[{"href":"https:\/\/buchmaler.org\/index.php?rest_route=\/wp\/v2\/posts\/920","targetHints":{"allow":["GET"]}}],"collection":[{"href":"https:\/\/buchmaler.org\/index.php?rest_route=\/wp\/v2\/posts"}],"about":[{"href":"https:\/\/buchmaler.org\/index.php?rest_route=\/wp\/v2\/types\/post"}],"author":[{"embeddable":true,"href":"https:\/\/buchmaler.org\/index.php?rest_route=\/wp\/v2\/users\/1"}],"replies":[{"embeddable":true,"href":"https:\/\/buchmaler.org\/index.php?rest_route=%2Fwp%2Fv2%2Fcomments&post=920"}],"version-history":[{"count":0,"href":"https:\/\/buchmaler.org\/index.php?rest_route=\/wp\/v2\/posts\/920\/revisions"}],"wp:attachment":[{"href":"https:\/\/buchmaler.org\/index.php?rest_route=%2Fwp%2Fv2%2Fmedia&parent=920"}],"wp:term":[{"taxonomy":"category","embeddable":true,"href":"https:\/\/buchmaler.org\/index.php?rest_route=%2Fwp%2Fv2%2Fcategories&post=920"},{"taxonomy":"post_tag","embeddable":true,"href":"https:\/\/buchmaler.org\/index.php?rest_route=%2Fwp%2Fv2%2Ftags&post=920"}],"curies":[{"name":"wp","href":"https:\/\/api.w.org\/{rel}","templated":true}]}}